{"id":384,"date":"2013-10-06T13:16:21","date_gmt":"2013-10-06T13:16:21","guid":{"rendered":"http:\/\/video5.tv\/es\/?p=384"},"modified":"2018-11-05T11:45:18","modified_gmt":"2018-11-05T11:45:18","slug":"television-federal-argentina","status":"publish","type":"post","link":"https:\/\/video5.tv\/es\/2013\/10\/06\/television-federal-argentina\/","title":{"rendered":"TELEVISION FEDERAL ARGENTINA"},"content":{"rendered":"<p><img loading=\"lazy\" decoding=\"async\" class=\"alignnone size-full wp-image-385\" src=\"http:\/\/video5.tv\/es\/files\/2018\/11\/CG5-WORFLOW-Espa\u00f1ol-Fondo-Blanco-TELEFE-600-640x400.jpg\" alt=\"\" width=\"640\" height=\"400\" srcset=\"https:\/\/video5.tv\/es\/files\/2018\/11\/CG5-WORFLOW-Espa\u00f1ol-Fondo-Blanco-TELEFE-600-640x400.jpg 640w, https:\/\/video5.tv\/es\/files\/2018\/11\/CG5-WORFLOW-Espa\u00f1ol-Fondo-Blanco-TELEFE-600-640x400-300x188.jpg 300w\" sizes=\"auto, (max-width: 640px) 100vw, 640px\" \/><\/p>\n<p><em>Gustavo Embon, Jefe de Control de Se\u00f1ales en TELEFE habla del nuevo workflow CG5 HD\/SD de MEDIA 5 que se implement\u00f3 en el canal.<\/em><\/p>\n<p>&nbsp;<\/p>\n<p><strong>\u00bfDe qu\u00e9 manera se inserta en Control de Se\u00f1ales de Telefe, el workflow CG5 HD\/SD de Media 5 y qu\u00e9 funciones cumple?<\/strong><\/p>\n<p>En el Control de Se\u00f1ales de Telefe generamos 4 productos de nuestra compa\u00f1\u00eda, que son las se\u00f1ales de Telefe Capital, Telefe Interior, Telefe Internacional y Telefe Capital HD. Cada una de estas se\u00f1ales, atraviesan luego toda la cadena de transmisi\u00f3n, hasta llegar a los diferentes receptores.<\/p>\n<p>Nuestro esquema t\u00e9cnico\/operativo actual, incluye a los equipos CG5, cumpliendo las funciones de inserci\u00f3n de gr\u00e1fica (logo animado, hora y temperatura) en la se\u00f1al de Telefe Capital y pr\u00f3ximamente le sumaremos la se\u00f1al de Telefe HD, conjuntamente con las funciones de inserci\u00f3n de Branding y Picture in Picture (PIP) para lenguaje de se\u00f1as.<\/p>\n<p><strong>\u00bfC\u00f3mo surgi\u00f3 la necesidad de incorporar la soluci\u00f3n al flujo de trabajo del canal?<\/strong><\/p>\n<p>Ya hace varios a\u00f1os que hemos adoptado este sistema, como soluci\u00f3n a nuestro requerimiento. Pero con la llegada del HD, surgi\u00f3 la necesidad de contar con una herramienta integradora, que nos permita operar la inserci\u00f3n de gr\u00e1fica en ambas se\u00f1ales (HD y SD) con una sola interface operativa. Bajo esta premisa, Media 5 desarroll\u00f3 un sistema customizado, el cual estamos en la etapa final de testeo y que pondremos al aire en breve. Este workflow, contempla la operativa total de inserci\u00f3n de gr\u00e1fica para aire, tanto en SD como en HD, para ambas cadenas de transmisi\u00f3n (Principal y Backup), concentrando el control de estos 4 equipos desde 2 remotos, que son operados por el SW Master y el Coordinador de Transmisi\u00f3n en forma separada, seg\u00fan la funci\u00f3n de los mismos o de manera centralizada, en casos de emergencia por fallas t\u00e9cnicas u operativas en alguno de los sistemas.<\/p>\n<p><strong>\u00bfCu\u00e1les son los principales atributos y ventajas comparativas que valoraron a la hora de la adquisici\u00f3n?<\/strong><\/p>\n<p>El hecho de ser una empresa nacional es un factor muy importante para nosotros, ya que entienden mejor nuestras necesidades, se adaptan a las mismas, ofrecen soluciones a medida y brindan capacitaci\u00f3n y soporte personalizados. Esto \u00faltimo le otorga un valor agregado al momento de decidir la adquisici\u00f3n de equipamiento t\u00e9cnico. Adem\u00e1s, la relaci\u00f3n costo beneficio de este producto en particular, nos result\u00f3 determinante.<\/p>\n<p><strong>\u00bfC\u00f3mo est\u00e1n evolucionando el esquema operativo de transmisi\u00f3n de Telefe y cu\u00e1les son los principales desaf\u00edos que tiene para el segundo semestre del a\u00f1o?<\/strong><\/p>\n<p>Estamos trabajando arduamente para seguir evolucionando en la transmisi\u00f3n HD, tanto en la se\u00f1al de Capital, como en las de Interior e Internacional. De esta manera, avanzamos en conjunto con las dem\u00e1s \u00e1reas de la compa\u00f1\u00eda, para poder acompa\u00f1ar de la mejor manera, el crecimiento de la producci\u00f3n de contenidos en alta definici\u00f3n y al mismo tiempo, contemplando la emisi\u00f3n de los mismos en sus diferentes formatos, seg\u00fan el medio que se utilice para llegar a la diversidad de pantallas. Es nuestro principal desaf\u00edo para lo que queda del a\u00f1o y en lo personal, me siento muy orgulloso de formar parte de este gran equipo de profesionales.<\/p>\n","protected":false},"excerpt":{"rendered":"<p>Gustavo Embon, Jefe de Control de Se\u00f1ales en TELEFE.<\/p>\n","protected":false},"author":1,"featured_media":380,"comment_status":"open","ping_status":"open","sticky":false,"template":"","format":"standard","meta":{"footnotes":""},"categories":[12],"tags":[],"class_list":["post-384","post","type-post","status-publish","format-standard","has-post-thumbnail","hentry","category-testimonios"],"acf":[],"_links":{"self":[{"href":"https:\/\/video5.tv\/es\/wp-json\/wp\/v2\/posts\/384","targetHints":{"allow":["GET"]}}],"collection":[{"href":"https:\/\/video5.tv\/es\/wp-json\/wp\/v2\/posts"}],"about":[{"href":"https:\/\/video5.tv\/es\/wp-json\/wp\/v2\/types\/post"}],"author":[{"embeddable":true,"href":"https:\/\/video5.tv\/es\/wp-json\/wp\/v2\/users\/1"}],"replies":[{"embeddable":true,"href":"https:\/\/video5.tv\/es\/wp-json\/wp\/v2\/comments?post=384"}],"version-history":[{"count":3,"href":"https:\/\/video5.tv\/es\/wp-json\/wp\/v2\/posts\/384\/revisions"}],"predecessor-version":[{"id":399,"href":"https:\/\/video5.tv\/es\/wp-json\/wp\/v2\/posts\/384\/revisions\/399"}],"wp:featuredmedia":[{"embeddable":true,"href":"https:\/\/video5.tv\/es\/wp-json\/wp\/v2\/media\/380"}],"wp:attachment":[{"href":"https:\/\/video5.tv\/es\/wp-json\/wp\/v2\/media?parent=384"}],"wp:term":[{"taxonomy":"category","embeddable":true,"href":"https:\/\/video5.tv\/es\/wp-json\/wp\/v2\/categories?post=384"},{"taxonomy":"post_tag","embeddable":true,"href":"https:\/\/video5.tv\/es\/wp-json\/wp\/v2\/tags?post=384"}],"curies":[{"name":"wp","href":"https:\/\/api.w.org\/{rel}","templated":true}]}}